{"id":145,"date":"2024-03-18T17:32:08","date_gmt":"2024-03-18T16:32:08","guid":{"rendered":"https:\/\/www.apifera.org\/?p=145"},"modified":"2024-03-21T10:32:50","modified_gmt":"2024-03-21T09:32:50","slug":"larbre-est-une-ressource-prodigieuse-en-est-on-suffisamment-conscient","status":"publish","type":"post","link":"https:\/\/www.apifera.org\/index.php\/2024\/03\/18\/larbre-est-une-ressource-prodigieuse-en-est-on-suffisamment-conscient\/","title":{"rendered":"L&rsquo;arbre est une ressource prodigieuse. En est-on suffisamment conscient ?"},"content":{"rendered":"<div class=\"wp-block-site-logo\"><a href=\"https:\/\/www.apifera.org\/\" class=\"custom-logo-link\" rel=\"home\"><img loading=\"lazy\" decoding=\"async\" width=\"297\" height=\"170\" src=\"https:\/\/www.apifera.org\/wp-content\/uploads\/2024\/03\/apifera-sciences-naturelles-logo-baniere.jpg\" class=\"custom-logo\" alt=\"APIFERA Sciences naturelles\" srcset=\"https:\/\/www.apifera.org\/wp-content\/uploads\/2024\/03\/apifera-sciences-naturelles-logo-baniere.jpg 403w, https:\/\/www.apifera.org\/wp-content\/uploads\/2024\/03\/apifera-sciences-naturelles-logo-baniere-300x172.jpg 300w\" sizes=\"auto, (max-width: 297px) 100vw, 297px\" \/><\/a><\/div>\n\n\n<h3 class=\"wp-block-heading\">Article du 11 mars 2020 r\u00e9dig\u00e9 par Christian Conrad, botaniste et naturaliste<\/h3>\n\n\n\n<p><em>La taille&nbsp;! regardez ces mornes moignons, en lieu de branches, \u00e0 peine laiss\u00e9es sur arbres<\/em><\/p>\n\n\n\n<div class=\"wp-block-columns is-layout-flex wp-container-core-columns-is-layout-9d6595d7 wp-block-columns-is-layout-flex\">\n<div class=\"wp-block-column is-layout-flow wp-block-column-is-layout-flow\">\n<figure class=\"wp-block-image size-full\"><img loading=\"lazy\" decoding=\"async\" width=\"800\" height=\"533\" src=\"https:\/\/www.apifera.org\/wp-content\/uploads\/2024\/03\/saules3.jpg\" alt=\"saules \u00e9lagu\u00e9s\" class=\"wp-image-150\" srcset=\"https:\/\/www.apifera.org\/wp-content\/uploads\/2024\/03\/saules3.jpg 800w, https:\/\/www.apifera.org\/wp-content\/uploads\/2024\/03\/saules3-300x200.jpg 300w, https:\/\/www.apifera.org\/wp-content\/uploads\/2024\/03\/saules3-768x512.jpg 768w\" sizes=\"auto, (max-width: 800px) 100vw, 800px\" \/><\/figure>\n<\/div>\n\n\n\n<div class=\"wp-block-column is-layout-flow wp-block-column-is-layout-flow\">\n<figure class=\"wp-block-image size-full\"><img loading=\"lazy\" decoding=\"async\" width=\"800\" height=\"533\" src=\"https:\/\/www.apifera.org\/wp-content\/uploads\/2024\/03\/saules1.jpg\" alt=\"saule \u00e9lagu\u00e9\" class=\"wp-image-148\" srcset=\"https:\/\/www.apifera.org\/wp-content\/uploads\/2024\/03\/saules1.jpg 800w, https:\/\/www.apifera.org\/wp-content\/uploads\/2024\/03\/saules1-300x200.jpg 300w, https:\/\/www.apifera.org\/wp-content\/uploads\/2024\/03\/saules1-768x512.jpg 768w\" sizes=\"auto, (max-width: 800px) 100vw, 800px\" \/><\/figure>\n<\/div>\n\n\n\n<div class=\"wp-block-column is-layout-flow wp-block-column-is-layout-flow\">\n<figure class=\"wp-block-image size-full is-resized\"><img loading=\"lazy\" decoding=\"async\" width=\"800\" height=\"600\" src=\"https:\/\/www.apifera.org\/wp-content\/uploads\/2024\/03\/saule4.jpg\" alt=\"\" class=\"wp-image-147\" style=\"width:237px;height:auto\" srcset=\"https:\/\/www.apifera.org\/wp-content\/uploads\/2024\/03\/saule4.jpg 800w, https:\/\/www.apifera.org\/wp-content\/uploads\/2024\/03\/saule4-300x225.jpg 300w, https:\/\/www.apifera.org\/wp-content\/uploads\/2024\/03\/saule4-768x576.jpg 768w\" sizes=\"auto, (max-width: 800px) 100vw, 800px\" \/><\/figure>\n<\/div>\n<\/div>\n\n\n\n<div class=\"wp-block-group is-vertical is-layout-flex wp-container-core-group-is-layout-8cf370e7 wp-block-group-is-layout-flex\">\n<p>\u00ab&nbsp;<em>Une id\u00e9e forte, sur laquelle il existe un solide consensus&nbsp;: dans la mesure du possible, les lieux de notre vie quotidienne doivent s\u2019agr\u00e9menter de plantes et en particulier d\u2019arbres, faute de quoi ils seraient invivables, hostiles et, pour tout dire, inhumains&nbsp;\u00bb<\/em>. C\u2019est un passage d\u2019un des livres \u00e9crit en 2011, par Francis HALL\u00c9, botaniste, biologiste et dendrologue de r\u00e9putation internationale. &nbsp;Son titre&nbsp;: \u00ab&nbsp;Du bon usage des arbres. Un plaidoyer \u00e0 l\u2019attention des \u00e9lus et des \u00e9narques&nbsp;\u00bb.<\/p>\n\n\n\n<p>Peu ont lu ou entendu parler de ces th\u00e8ses sur la pr\u00e9sence n\u00e9cessaire des arbres dans les espaces urbains et p\u00e9ri-urbains. D\u2019autres auteurs scientifiques partagent ce point de vue&nbsp;: Alain BARATON, Jardinier en chef des jardins du Trianon \u00e0 Versailles (\u00ab&nbsp;La haine de l\u2019arbre n\u2019est pas une fatalit\u00e9&nbsp;\u00bb)&nbsp;; ou Alain PERSUY, forestier, \u00e9cologue et naturaliste auteur de nombreux ouvrages sur \u00ab&nbsp;La For\u00eat naturelle&nbsp;\u00bb et des guides sur les arbres. Je cite ici quelques scientifiques sp\u00e9cialistes des arbres, qui prennent r\u00e9guli\u00e8rement leurs b\u00e2tons de p\u00e8lerin afin de mieux les faire connaitre et les pr\u00e9server. Ils sont parfois entendus par des \u00e9lus, des gestionnaires des villes comme Lyon, Bordeaux, Amiens, Orl\u00e9ans qui ont le respect du vivant, des arbres, qu\u2019ils soient d\u00e9cisionnaires ou simples ex\u00e9cutants sur le terrain.<\/p>\n\n\n\n<p>De nombreuses villes, grandes ou petites, ont r\u00e9dig\u00e9 et \u00e9dit\u00e9 une charte de l\u2019arbre comme Lyon, Amiens etc. Ces villes ont proscrit l\u2019\u00e9lagage de leur patrimoine arbustif, \u00f4tent r\u00e9guli\u00e8rement les branches mortes pour des raisons de s\u00e9curit\u00e9. Elles ont opt\u00e9 pour une \u00e9cologie qui favorise la biodiversit\u00e9 et le bien \u00eatre dans la ville, le village.<\/p>\n\n\n\n<p>L\u2019arbre a son importance autant en ville que dans les campagnes. Il est important dans nos \u00e9cosyst\u00e8mes, dans nos parcs, nos jardins, sur les bords de nos routes.&nbsp;&nbsp;Il joue un r\u00f4le d\u00e9terminant comme \u00eatre vivant apparu \u00e0 la fin du D\u00e9vonien moyen (387,7 Mi). C\u2019est un \u00eatre complexe qui au fil des millions d\u2019ann\u00e9es d\u2019\u00e9volution n\u2019a cess\u00e9 de s\u2019adapter et a perdur\u00e9 jusqu\u2019\u00e0 nos jours. De nombreux citoyens de notre pays ont pris conscience de son importance dans le fonctionnement de la nature. C\u2019est pour cela que lors d\u2019un colloque \u00e0 l\u2019Assembl\u00e9e Nationale le 5 avril 2019 a \u00e9t\u00e9 r\u00e9dig\u00e9e et adopt\u00e9e la \u00ab&nbsp;D\u00e9claration des droits de l\u2019arbre&nbsp;\u00bb.&nbsp;<\/p>\n\n\n\n<p>\u00c0 Lisle sur Tarn, nous savons que la municipalit\u00e9 actuelle tout comme la pr\u00e9c\u00e9dente n\u2019a ni sensibilit\u00e9 ni conscience \u00e9cologique. &nbsp;Au mois de novembre de l\u2019an pass\u00e9 nous avons constat\u00e9 l\u2019\u00e9lagage des platanes de l\u2019avenue Charles de Gaulle alors qu\u2019ils n\u2019avaient pas encore perdu leurs feuilles.&nbsp; Il faut savoir que l\u2019arbre, avant de les abandonner, r\u00e9cup\u00e8re le sucre stock\u00e9 dans une partie du limbe pour le stocker \u00e0 l\u2019int\u00e9rieur du tronc. Au printemps, ce sucre (dextrose) servira d\u2019\u00e9l\u00e9ment nutritif au d\u00e9bourrage des jeunes feuilles. Cette mutilation a continu\u00e9 sur les diff\u00e9rentes places du village. Je comprends&nbsp;! Les \u00e9lections approchant, il faut montrer que l\u2019on s\u2019occupe du village, m\u00eame si cela a un prix\u2026 Comme dit Alain PERSUY \u00ab&nbsp;<em>Il est une manie, une obsession presque, bien fran\u00e7aise, et qui s\u2019exerce au tr\u00e8s net d\u00e9triment des arbres&nbsp;: la taille&nbsp;! regardez ces mornes moignons, en lieu de branches, \u00e0 peine laiss\u00e9es sur arbres. Observez ces platanes tronqu\u00e9s, ces marronniers estropi\u00e9s, alors soumis \u00e0 des stress intenses, parfois en pleine saison de feuillaison\u2026 on s\u2019\u00e9tonnera qu\u2019ils ne vivent pas vieux&nbsp;!&nbsp;\u00bb.&nbsp;<\/em><\/p>\n\n\n\n<p>Nous savons depuis longtemps que l\u2019\u00e9lagage affaiblit et met en danger les arbres, et multiplie les risques de chute. C\u2019est inviter les pathog\u00e8nes \u2013 virus, bact\u00e9ries, xylophages \u2013 \u00e0 l\u2019infecter. Les tailles douces ne sont que des pratiques tout aussi dangereuses.<\/p>\n\n\n\n<p>Et j\u2019aimerais rappeler que dans la loi du 8 aout 2016 \u00ab&nbsp;<em>pour la&nbsp;<\/em><strong>reconqu\u00eate&nbsp;<\/strong><em>de la&nbsp;<\/em><strong>biodiversit\u00e9<\/strong><em>, de la&nbsp;<\/em><strong>nature&nbsp;<\/strong><em>et des&nbsp;<\/em><strong>paysages&nbsp;\u00bb<\/strong>, \u00e0 l\u2019article L.350-3, il est \u00e9crit \u00ab&nbsp;Les&nbsp;<em>all\u00e9es d&rsquo;arbres et alignements d&rsquo;arbres qui bordent les voies de communication constituent un patrimoine culturel et une source d&rsquo;am\u00e9nit\u00e9s, en plus de leur r\u00f4le pour la pr\u00e9servation de la biodiversit\u00e9 et, \u00e0 ce titre, font l&rsquo;objet d&rsquo;une protection sp\u00e9cifique\u2026<\/em>&nbsp;<em>Le fait d&rsquo;abattre, de porter atteinte \u00e0 l&rsquo;arbre, de compromettre la conservation ou&nbsp;<\/em><em><u>de modifier radicalement l&rsquo;aspect d&rsquo;un ou de plusieurs arbres d&rsquo;une all\u00e9e ou d&rsquo;un alignement d&rsquo;arbres est interdit<\/u><\/em><em>&nbsp;\u00bb<\/em><\/p>\n\n\n\n<p>D\u2019autre part, nous savons que le chancre color\u00e9 (<em>Ceratocystis platani<\/em>) champignon mortel pour le platane, s\u2019introduit dans l\u2019arbre par les blessures&nbsp;(\u00e9lagage, fauchage, terrassement, etc.). Or, on vient de d\u00e9couvrir \u00e0 Rabastens un platane infect\u00e9 par le chancre color\u00e9. Pour \u00e9viter une plus grande infection, conform\u00e9ment \u00e0 l\u2019arr\u00eat\u00e9 du 22 d\u00e9cembre 2015, consolid\u00e9 le 14 f\u00e9vrier 2020, la loi oblige l\u2019abattage des platanes qui se situent dans un rayon de 35 m\u00e8tres de l\u2019arbre malade. Lisle sur Tarn est dans l\u2019axe de Rabastens et des vents d\u2019Ouest. Les spores du champignon&nbsp;<em>Ceratocystis platani&nbsp;<\/em>sont diss\u00e9min\u00e9s par le vent (an\u00e9mogame), par les insectes, les oiseaux.<\/p>\n\n\n\n<p>Nos platanes \u00e9lagu\u00e9s fra\u00eechement sont des victimes potentielles du chancre color\u00e9.&nbsp;N\u2019y aurait-il pas lieu de d\u00e9poser un recours pour d\u00e9gradation et modification radicale des arbres&nbsp;?<\/p>\n\n\n\n<p>Le vivant a ses exigences qu\u2019il faut&nbsp;appr\u00e9hender et connaitre. La gestion des espaces verts est une question de connaissance et de comp\u00e9tence de l\u2019encadrement et des ex\u00e9cutants.<\/p>\n\n\n\n<p><strong>L\u2019arbre partage avec les autres plantes la capacit\u00e9 de purifier l\u2019air que nous respirons, en absorbant le gaz carbonique, CO2, ce gaz qui pollue notre atmosph\u00e8re et joue un r\u00f4le dominant dans le d\u00e9r\u00e8glement climatique. Pour sa croissance il n\u2019a besoin que de l\u2019atome de carbone, C, dont il nous d\u00e9barrasse, et il nous restitue l\u2019oxyg\u00e8ne, O2, indispensable \u00e0 notre respiration. L\u2019arbre et l\u2019homme pourraient-ils vivre l\u2019un sans l\u2019autre&nbsp;? L\u2019arbre, lui, peut vivre sans nous. Il l\u2019a fait pendant des millions d\u2019ann\u00e9es. Nous, nous avons besoin de lui. Un besoin VITAL.<\/strong><\/p>\n\n\n\n<p>Christian CONRAD, Botaniste, naturaliste<\/p>\n\n\n\n<p>Bibliographie<\/p>\n\n\n\n<p><em>Pierre LIEUTAGHI, Le livre des Arbres, Arbustes &amp; Arbrisseaux. \u00c9ditions Actes Sud<\/em><\/p>\n\n\n\n<p><em>Francis HALL\u00c9, Du bon usage des Arbres. Un plaidoyer \u00e0 l\u2019attention des \u00e9lus et des \u00e9narques. \u00c9ditions Actes Sud<\/em><\/p>\n\n\n\n<p><em>Francis HALL<\/em>\u00c9<em>. Plaidoyer pour l\u2019Arbre. \u00c9ditions Actes Sud<\/em><\/p>\n\n\n\n<p><em>Alain BARATON. La haine de l\u2019Arbre n\u2019est pas une fatalit\u00e9. \u00c9ditions Actes Sud<\/em><\/p>\n\n\n\n<p><em>Alain PERSUY La For\u00eat naturelle. \u00c9ditions BELIN<\/em><\/p>\n\n\n\n<p><em>Encyclopedia universalis<\/em><\/p>\n<\/div>\n","protected":false},"excerpt":{"rendered":"<p>Article du 11 mars 2020 r\u00e9dig\u00e9 par Christian Conrad, botaniste et naturaliste La taille&nbsp;! regardez ces mornes moignons, en lieu de branches, \u00e0 peine laiss\u00e9es sur arbres \u00ab&nbsp;Une id\u00e9e forte, sur laquelle il existe un solide consensus&nbsp;: dans la mesure du possible, les lieux de notre vie quotidienne doivent s\u2019agr\u00e9menter de plantes et en particulier&hellip;&nbsp;<a href=\"https:\/\/www.apifera.org\/index.php\/2024\/03\/18\/larbre-est-une-ressource-prodigieuse-en-est-on-suffisamment-conscient\/\" rel=\"bookmark\">Lire la suite &raquo;<span class=\"screen-reader-text\">L&rsquo;arbre est une ressource prodigieuse. En est-on suffisamment conscient ?<\/span><\/a><\/p>\n","protected":false},"author":1,"featured_media":0,"comment_status":"closed","ping_status":"closed","sticky":false,"template":"","format":"standard","meta":{"neve_meta_sidebar":"","neve_meta_container":"","neve_meta_enable_content_width":"","neve_meta_content_width":0,"neve_meta_title_alignment":"","neve_meta_author_avatar":"","neve_post_elements_order":"","neve_meta_disable_header":"","neve_meta_disable_footer":"","neve_meta_disable_title":"","footnotes":""},"categories":[3],"tags":[16,15],"class_list":["post-145","post","type-post","status-publish","format-standard","hentry","category-biodiversite","tag-arbre","tag-taille"],"_links":{"self":[{"href":"https:\/\/www.apifera.org\/index.php\/wp-json\/wp\/v2\/posts\/145","targetHints":{"allow":["GET"]}}],"collection":[{"href":"https:\/\/www.apifera.org\/index.php\/wp-json\/wp\/v2\/posts"}],"about":[{"href":"https:\/\/www.apifera.org\/index.php\/wp-json\/wp\/v2\/types\/post"}],"author":[{"embeddable":true,"href":"https:\/\/www.apifera.org\/index.php\/wp-json\/wp\/v2\/users\/1"}],"replies":[{"embeddable":true,"href":"https:\/\/www.apifera.org\/index.php\/wp-json\/wp\/v2\/comments?post=145"}],"version-history":[{"count":3,"href":"https:\/\/www.apifera.org\/index.php\/wp-json\/wp\/v2\/posts\/145\/revisions"}],"predecessor-version":[{"id":172,"href":"https:\/\/www.apifera.org\/index.php\/wp-json\/wp\/v2\/posts\/145\/revisions\/172"}],"wp:attachment":[{"href":"https:\/\/www.apifera.org\/index.php\/wp-json\/wp\/v2\/media?parent=145"}],"wp:term":[{"taxonomy":"category","embeddable":true,"href":"https:\/\/www.apifera.org\/index.php\/wp-json\/wp\/v2\/categories?post=145"},{"taxonomy":"post_tag","embeddable":true,"href":"https:\/\/www.apifera.org\/index.php\/wp-json\/wp\/v2\/tags?post=145"}],"curies":[{"name":"wp","href":"https:\/\/api.w.org\/{rel}","templated":true}]}}